{"id":3042,"date":"2026-08-29T12:19:22","date_gmt":"2026-08-29T12:19:22","guid":{"rendered":"https:\/\/gestramites.com\/?p=3042"},"modified":"2026-08-29T12:19:22","modified_gmt":"2026-08-29T12:19:22","slug":"ceuta-ley-espanola-derecho-ue-convenio-europeo","status":"publish","type":"post","link":"https:\/\/gestramites.com\/en\/ceuta-ley-espanola-derecho-ue-convenio-europeo\/","title":{"rendered":"Ceuta: cuando la ley espa\u00f1ola, el Derecho de la UE y el Convenio Europeo act\u00faan al mismo tiempo"},"content":{"rendered":"<p style=\"text-align: justify;\"><strong>Fecha de corte del an\u00e1lisis:<\/strong> 29 de agosto de 2026, 11:38 h, hora peninsular espa\u00f1ola.<br \/>\n<strong>Vigencia:<\/strong> este texto se basa en fuentes oficiales disponibles hasta esa fecha. Si se publican nuevas decisiones del Gobierno, instrucciones ministeriales, actos de la Comisi\u00f3n Europea, comunicaciones de Frontex, EUAA o Europol, o resoluciones judiciales, el an\u00e1lisis debe revisarse.<\/p>\n<h2>Cuanto m\u00e1s extraordinaria es la crisis, m\u00e1s Derecho entra en juego<\/h2>\n<p style=\"text-align: justify;\">Cuando una frontera se tensiona, puede parecer que todo se reduce a una decisi\u00f3n r\u00e1pida: dejar entrar, devolver, acoger, identificar, trasladar, pedir apoyo europeo o activar recursos del Estado.<\/p>\n<p>Pero Ceuta no funciona jur\u00eddicamente con un solo interruptor.<\/p>\n<p>Cuanto m\u00e1s extraordinaria es la crisis, m\u00e1s administraciones y sistemas jur\u00eddicos entran en juego. No menos.<\/p>\n<p>Eso es lo que hace especialmente complejo el momento actual: Ceuta ya no se lee solo desde la Ley de Extranjer\u00eda. Tampoco solo desde el asilo. Ni solo desde la seguridad. Ni solo desde la frontera europea.<\/p>\n<p>En Ceuta act\u00faan simult\u00e1neamente, al menos, cinco planos:<\/p>\n<ol>\n<li><strong>Derecho espa\u00f1ol:<\/strong> extranjer\u00eda, asilo, infancia y procedimiento administrativo.<\/li>\n<li><strong>Seguridad Nacional:<\/strong> coordinaci\u00f3n extraordinaria del Estado.<\/li>\n<li><strong>Derecho de la Uni\u00f3n Europea:<\/strong> triaje, Eurodac, Pacto Europeo de Migraci\u00f3n y Asilo.<\/li>\n<li><strong>Derechos fundamentales:<\/strong> Carta de Derechos Fundamentales de la UE, Convenio Europeo de Derechos Humanos e individualizaci\u00f3n de decisiones.<\/li>\n<li><strong>Agencias europeas:<\/strong> Frontex, EUAA y Europol como apoyo operativo, sin sustituir a las autoridades competentes.<\/li>\n<\/ol>\n<p>La cuesti\u00f3n jur\u00eddica no es elegir una capa y borrar las dem\u00e1s.<\/p>\n<p>La cuesti\u00f3n es saber qu\u00e9 plano act\u00faa, en qu\u00e9 momento, con qu\u00e9 competencia, con qu\u00e9 rango y con qu\u00e9 l\u00edmites.<\/p>\n<h2 style=\"text-align: justify;\">Respuesta directa: \u00bfqu\u00e9 ocurre cuando todos esos planos act\u00faan a la vez?<\/h2>\n<p style=\"text-align: justify;\">Cuando en Ceuta coinciden ley espa\u00f1ola, Seguridad Nacional, Derecho de la Uni\u00f3n Europea, derechos fundamentales y agencias europeas, no nace una categor\u00eda jur\u00eddica \u00fanica llamada \u201ccrisis migratoria\u201d. La Administraci\u00f3n puede reforzar medios y coordinaci\u00f3n, pero debe seguir distinguiendo procedimientos, competencias y situaciones individuales: adultos, menores, solicitantes de protecci\u00f3n internacional, personas vulnerables, devoluci\u00f3n, retorno, acogida o triaje.<\/p>\n<p>Esa es la tesis de este art\u00edculo.<\/p>\n<p>No se trata de negar la excepcionalidad.<\/p>\n<p>Se trata de entender que la excepcionalidad no simplifica el Derecho: lo multiplica.<\/p>\n<h2>El hecho nuevo: Ceuta entra en el marco de Seguridad Nacional<\/h2>\n<p style=\"text-align: justify;\">El 25 de agosto de 2026, el Gobierno aprob\u00f3 el Real Decreto 681\/2026, por el que se declara la situaci\u00f3n de inter\u00e9s para la Seguridad Nacional en la ciudad de Ceuta. El BOE define la crisis como la derivada de la permanencia temporal indeterminada en la ciudad de un elevado n\u00famero de personas migrantes en situaci\u00f3n irregular tras la afluencia masiva y simult\u00e1nea ocurrida el 30 de julio de 2026, con alteraci\u00f3n del funcionamiento ordinario de las administraciones p\u00fablicas y superaci\u00f3n de capacidades ordinarias de gesti\u00f3n, acogida, asistencia y seguridad ciudadana.<\/p>\n<p style=\"text-align: justify;\">Al d\u00eda siguiente, el Real Decreto 705\/2026 aprob\u00f3 la Declaraci\u00f3n de Recursos a emplear en esa situaci\u00f3n de inter\u00e9s para la Seguridad Nacional, incluyendo recursos estatales y de la Ciudad de Ceuta, dentro de sus respectivas competencias.<\/p>\n<p>Este punto debe leerse con precisi\u00f3n.<\/p>\n<p><strong>Hecho verificado:<\/strong> existe una declaraci\u00f3n formal de situaci\u00f3n de inter\u00e9s para la Seguridad Nacional en Ceuta.<\/p>\n<p><strong>Inferencia jur\u00eddica de Gestr\u00e1mites:<\/strong> esa declaraci\u00f3n refuerza la coordinaci\u00f3n y la puesta a disposici\u00f3n funcional de recursos, pero no convierte por s\u00ed sola la situaci\u00f3n en un espacio sin procedimiento.<\/p>\n<p style=\"text-align: justify;\">La <a href=\"https:\/\/www.boe.es\/buscar\/act.php?id=BOE-A-2015-10389\">Ley 36\/2015<\/a> describe la situaci\u00f3n de inter\u00e9s para la Seguridad Nacional como un marco que requiere coordinaci\u00f3n reforzada de las autoridades competentes en el desempe\u00f1o de sus atribuciones ordinarias, bajo la direcci\u00f3n del Gobierno, y precisa que no se ejercen en ella las potestades propias de los estados de alarma y excepci\u00f3n.<\/p>\n<p>Dicho de forma m\u00e1s sencilla: Seguridad Nacional no significa suspensi\u00f3n del Derecho de Extranjer\u00eda.<\/p>\n<p>Tampoco sustituye el asilo.<\/p>\n<p>Tampoco borra las garant\u00edas de infancia.<\/p>\n<p>Y tampoco deja en pausa el Derecho de la Uni\u00f3n Europea.<\/p>\n<h2>Primer plano: Derecho espa\u00f1ol<\/h2>\n<p>El primer plano es el Derecho espa\u00f1ol. Y no es un bloque \u00fanico.<\/p>\n<p style=\"text-align: justify;\">Aqu\u00ed entran la <a href=\"https:\/\/www.boe.es\/buscar\/act.php?id=BOE-A-1978-31229\">Constituci\u00f3n<\/a>, la <a href=\"https:\/\/www.boe.es\/buscar\/act.php?id=BOE-A-2000-544\">Ley Org\u00e1nica 4\/2000<\/a>, la <a href=\"https:\/\/www.boe.es\/buscar\/act.php?id=BOE-A-2009-17242\">Ley 12\/2009 de asilo<\/a>, el <a href=\"https:\/\/www.boe.es\/buscar\/act.php?id=BOE-A-2024-24099\">Reglamento de Extranjer\u00eda aprobado por Real Decreto 1155\/2024<\/a>, la <a href=\"https:\/\/www.boe.es\/buscar\/act.php?id=BOE-A-2015-10565\">Ley 39\/2015 de procedimiento administrativo<\/a> cuando proceda, la <a href=\"https:\/\/www.boe.es\/buscar\/act.php?id=BOE-A-1996-1069\">Ley Org\u00e1nica 1\/1996 de protecci\u00f3n jur\u00eddica del menor<\/a> y las normas sobre contingencia migratoria extraordinaria.<\/p>\n<p style=\"text-align: justify;\">La Constituci\u00f3n garantiza la legalidad, la jerarqu\u00eda normativa y la seguridad jur\u00eddica en su art\u00edculo 9.3, y establece en el art\u00edculo 96 que los tratados internacionales v\u00e1lidamente celebrados y publicados oficialmente forman parte del ordenamiento interno.<\/p>\n<p style=\"text-align: justify;\">Eso importa porque Ceuta no es un margen exterior del Derecho. Es territorio espa\u00f1ol, frontera exterior de la Uni\u00f3n Europea y espacio donde act\u00faan derechos fundamentales.<\/p>\n<p style=\"text-align: justify;\">La Ley Org\u00e1nica 4\/2000 distingue entre categor\u00edas que en el debate p\u00fablico suelen mezclarse: rechazo en frontera, devoluci\u00f3n, expulsi\u00f3n, protecci\u00f3n de menores, trata, retorno y r\u00e9gimen especial de Ceuta y Melilla. El BOE recoge, entre otros extremos, los art\u00edculos 35 bis a 35 quinquies sobre contingencia migratoria extraordinaria y la disposici\u00f3n adicional d\u00e9cima sobre el r\u00e9gimen especial de Ceuta y Melilla.<\/p>\n<p style=\"text-align: justify;\">La Ley 12\/2009 regula el derecho de asilo y la protecci\u00f3n subsidiaria en Espa\u00f1a. No convierte toda entrada irregular en protecci\u00f3n internacional, pero tampoco permite tratar como irrelevante una solicitud de asilo cuando se formaliza en los t\u00e9rminos procedentes.<\/p>\n<p style=\"text-align: justify;\">El Reglamento de Extranjer\u00eda de 2024 desarrolla, entre otras materias, el r\u00e9gimen aplicable a menores extranjeros no acompa\u00f1ados, incluida determinaci\u00f3n de edad, Registro de Menores Extranjeros No Acompa\u00f1ados, tr\u00e1mites de repatriaci\u00f3n y residencia cuando no sea posible la repatriaci\u00f3n.<\/p>\n<p>Por eso el primer error ser\u00eda decir: \u201cCeuta es un problema de frontera\u201d.<\/p>\n<p>Lo es, pero no solo.<\/p>\n<p style=\"text-align: justify;\">Tambi\u00e9n puede ser un problema de asilo, de infancia, de acogida, de procedimiento, de protecci\u00f3n de v\u00edctimas, de coordinaci\u00f3n territorial y de ejecuci\u00f3n administrativa.<\/p>\n<h2>Segundo plano: Seguridad Nacional<\/h2>\n<p>El segundo plano no elimina el primero. Lo ordena desde otra l\u00f3gica.<\/p>\n<p style=\"text-align: justify;\">La Seguridad Nacional introduce direcci\u00f3n funcional, coordinaci\u00f3n reforzada y movilizaci\u00f3n de recursos. En Ceuta, el <a href=\"https:\/\/www.boe.es\/diario_boe\/txt.php?id=BOE-A-2026-18149\">Real Decreto 681\/2026<\/a> incluye recursos estatales y locales, y el Real Decreto 705\/2026 concreta recursos que pueden emplearse, como terrenos e instalaciones de diferentes administraciones.<\/p>\n<p>Eso puede ser decisivo en una ciudad desbordada.<\/p>\n<p>Puede permitir m\u00e1s espacios.<\/p>\n<p>M\u00e1s coordinaci\u00f3n.<\/p>\n<p>M\u00e1s rapidez administrativa.<\/p>\n<p>M\u00e1s intervenci\u00f3n log\u00edstica.<\/p>\n<p>M\u00e1s capacidad de alojamiento, atenci\u00f3n, identificaci\u00f3n o asistencia.<\/p>\n<p>Pero la pregunta jur\u00eddica es otra: \u00bfpuede ese marco sustituir los procedimientos individuales?<\/p>\n<p>La respuesta prudente es no.<\/p>\n<p style=\"text-align: justify;\">La <span style=\"font-size: 16px;\"><a href=\"https:\/\/www.boe.es\/buscar\/act.php?id=BOE-A-2015-10389\">Ley 36\/2015<\/a> habla de coordinaci\u00f3n reforzada de autoridades competentes en sus atribuciones ordinarias. No habla de una competencia nueva que permita ignorar qui\u00e9n debe decidir, con qu\u00e9 procedimiento y con qu\u00e9 garant\u00edas.<\/span><\/p>\n<p>Por tanto, Seguridad Nacional puede reforzar el funcionamiento del sistema.<\/p>\n<p>No debe confundirse con una autorizaci\u00f3n para saltarse el sistema.<\/p>\n<h2>Tercer plano: Derecho de la Uni\u00f3n Europea<\/h2>\n<p>El tercer plano es el Derecho de la Uni\u00f3n Europea.<\/p>\n<p>Y desde junio de 2026 este plano pesa m\u00e1s que antes.<\/p>\n<p style=\"text-align: justify;\">The <a href=\"https:\/\/eur-lex.europa.eu\/legal-content\/es\/ALL\/?uri=oj:L_202401356\">Reglamento (UE) 2024\/1356<\/a> introduce el triaje de nacionales de terceros pa\u00edses en las fronteras exteriores. Su finalidad no es resolver por s\u00ed solo el asilo, la devoluci\u00f3n o el retorno. Su funci\u00f3n es ordenar la fase inicial: identificar, controlar, detectar situaciones relevantes y derivar al procedimiento que corresponda. Adem\u00e1s, el propio Reglamento prev\u00e9 un mecanismo independiente para supervisar el cumplimiento del Derecho de la Uni\u00f3n e internacional, incluida la Carta de Derechos Fundamentales, durante el triaje.<\/p>\n<p style=\"text-align: justify;\">The <a href=\"https:\/\/eur-lex.europa.eu\/legal-content\/ES\/ALL\/?uri=CELEX:32024R1348\">Reglamento (UE) 2024\/1348<\/a> establece un procedimiento com\u00fan de protecci\u00f3n internacional en la Uni\u00f3n y se aplica en el nuevo marco desde junio de 2026.<\/p>\n<p style=\"text-align: justify;\">The <span style=\"font-size: 16px;\"><a href=\"https:\/\/eur-lex.europa.eu\/legal-content\/ES\/ALL\/?uri=OJ%3AL_202401349\">Reglamento (UE) 2024\/1349<\/a> regula el procedimiento fronterizo de retorno y se aplica desde el 12 de junio de 2026.<\/span><\/p>\n<p style=\"text-align: justify;\">The <a href=\"https:\/\/eur-lex.europa.eu\/legal-content\/ES\/ALL\/?uri=CELEX:32024R1351\">Reglamento (UE) 2024\/1351<\/a> configura el nuevo marco de gesti\u00f3n del asilo y la migraci\u00f3n, con responsabilidad y solidaridad entre Estados miembros.<\/p>\n<p style=\"text-align: justify;\">Y el <a href=\"https:\/\/eur-lex.europa.eu\/legal-content\/es\/ALL\/?uri=CELEX:32024R1358\">Reglamento (UE) 2024\/1358<\/a> crea Eurodac como sistema de comparaci\u00f3n de datos biom\u00e9tricos para aplicar el sistema europeo de asilo y migraci\u00f3n, identificar nacionales de terceros pa\u00edses y ap\u00e1tridas en situaci\u00f3n irregular, y permitir solicitudes de comparaci\u00f3n por autoridades de seguridad y Europol en los t\u00e9rminos previstos.<\/p>\n<p>Esto cambia la forma de mirar Ceuta.<\/p>\n<p>Antes, la lectura pod\u00eda centrarse m\u00e1s en las categor\u00edas internas espa\u00f1olas: rechazo, devoluci\u00f3n, asilo, menores, retorno.<\/p>\n<p>Ahora, adem\u00e1s, debe preguntarse:<\/p>\n<p>\u00bfHay triaje europeo?<\/p>\n<p>\u00bfHay toma o comparaci\u00f3n de datos biom\u00e9tricos?<\/p>\n<p>\u00bfHay derivaci\u00f3n a procedimiento de protecci\u00f3n internacional?<\/p>\n<p>\u00bfPuede operar un procedimiento fronterizo?<\/p>\n<p>\u00bfQu\u00e9 papel tienen las agencias europeas?<\/p>\n<p>\u00bfD\u00f3nde quedan las garant\u00edas de la Carta?<\/p>\n<p>Ceuta ya no es solo frontera espa\u00f1ola.<\/p>\n<p>Es tambi\u00e9n una frontera exterior de la Uni\u00f3n bajo un paquete normativo nuevo.<\/p>\n<h2>Cuarto plano: derechos fundamentales<\/h2>\n<p>El cuarto plano atraviesa todos los anteriores.<\/p>\n<p>No es un adorno.<\/p>\n<p>No es una cl\u00e1usula ret\u00f3rica.<\/p>\n<p style=\"text-align: justify;\">La <a href=\"https:\/\/www.boe.es\/buscar\/doc.php?id=DOUE-Z-2007-70004\">Carta de Derechos Fundamentales de la Uni\u00f3n Europea<\/a> reconoce el derecho de asilo en el art\u00edculo 18, proh\u00edbe las expulsiones colectivas y protege frente a devoluci\u00f3n, expulsi\u00f3n o extradici\u00f3n a un Estado donde exista riesgo de pena de muerte, tortura u otros tratos inhumanos o degradantes en el art\u00edculo 19.<\/p>\n<p style=\"text-align: justify;\">La misma Carta reconoce en su art\u00edculo 24 los derechos del ni\u00f1o y exige que el inter\u00e9s superior del menor sea una consideraci\u00f3n primordial en todos los actos relativos a menores.<\/p>\n<p style=\"text-align: justify;\">En paralelo, el Convenio Europeo de Derechos Humanos y su Protocolo n\u00ba 4 incorporan la prohibici\u00f3n de expulsiones colectivas de extranjeros. El Ministerio de Justicia recoge la jurisprudencia del TEDH sobre el art\u00edculo 4 del Protocolo n\u00ba 4, incluida la doctrina derivada del asunto N.D. y N.T. contra Espa\u00f1a.<\/p>\n<p style=\"text-align: justify;\">Aqu\u00ed conviene recordar una distinci\u00f3n b\u00e1sica que se olvida con frecuencia: el TEDH no es un tribunal de la Uni\u00f3n Europea. Pertenece al sistema del Consejo de Europa y aplica el Convenio Europeo de Derechos Humanos. El TJUE, en cambio, pertenece a la Uni\u00f3n Europea e interpreta el Derecho de la Uni\u00f3n.<\/p>\n<p>Ambos pueden ser relevantes.<\/p>\n<p>Pero no son lo mismo.<\/p>\n<p>Y mezclar sus funciones lleva a conclusiones err\u00f3neas.<\/p>\n<h2>Quinto plano: agencias europeas<\/h2>\n<p>El quinto plano es operativo.<\/p>\n<p>Y ahora tiene una importancia especial.<\/p>\n<p style=\"text-align: justify;\">El 28 de agosto de 2026, el Ministerio del Interior inform\u00f3 oficialmente, a trav\u00e9s de La Moncloa, de que Espa\u00f1a hab\u00eda pedido a la UE el apoyo de <a href=\"https:\/\/european-union.europa.eu\/institutions-law-budget\/institutions-and-bodies\/search-all-eu-institutions-and-bodies\/frontex_es\">Frontex<\/a> al dispositivo de triaje de las personas migrantes que permanecen en Ceuta. La nota oficial indica que Interior solicit\u00f3 que Frontex, <a href=\"https:\/\/www.europol.europa.eu\/about-europol:es\">Europol<\/a> y la Agencia de la Uni\u00f3n Europea para el Asilo \u2014<a href=\"https:\/\/www.euaa.europa.eu\/\">EUAA<\/a>\u2014 refuercen el dispositivo puesto en marcha para gestionar el triaje y la posterior tramitaci\u00f3n de los expedientes personales de las personas inmigrantes que permanecen irregularmente en Ceuta.<\/p>\n<p style=\"text-align: justify;\">La misma nota concreta que, en el caso de Frontex, se solicita extender la duraci\u00f3n de la operaci\u00f3n Minerva y la participaci\u00f3n de diez agentes adicionales en labores de triaje; respecto de EUAA, se menciona asistencia en entrevistas e int\u00e9rpretes; y, tras el triaje y en su caso el procedimiento de asilo en frontera, se concretar\u00eda la asistencia de Frontex necesaria para ejecutar determinados retornos.<\/p>\n<p style=\"text-align: justify;\">Este dato refuerza la tesis del art\u00edculo: cuando la crisis se intensifica, no desaparecen los niveles jur\u00eddicos. Se a\u00f1aden m\u00e1s.<\/p>\n<p>Pero tambi\u00e9n hay que precisar algo.<\/p>\n<p><strong>Hecho verificado:<\/strong> Espa\u00f1a ha solicitado apoyo de Frontex, Europol y EUAA.<\/p>\n<p style=\"text-align: justify;\"><strong>Fuente-gap o cautela:<\/strong> la solicitud no equivale, por s\u00ed sola, a que todas las actuaciones est\u00e9n ya desplegadas, aceptadas y ejecutadas en el terreno. Para afirmar despliegue efectivo, alcance operativo concreto o n\u00famero final de agentes, habr\u00eda que verificar comunicaciones posteriores de la Comisi\u00f3n, Frontex, EUAA, Europol o el Gobierno de Espa\u00f1a.<\/p>\n<p>Las agencias europeas pueden apoyar.<\/p>\n<p>No sustituyen a las autoridades nacionales.<\/p>\n<p style=\"text-align: justify;\">Frontex apoya a los Estados miembros y pa\u00edses asociados Schengen en la gesti\u00f3n de fronteras exteriores y la lucha contra la delincuencia transfronteriza.<\/p>\n<p style=\"text-align: justify;\">La EUAA ofrece a los Estados miembros distintos tipos de asistencia adaptada a sus necesidades, incluida asistencia operativa en materia de asilo y acogida.<\/p>\n<p style=\"text-align: justify;\">Europol apoya a los Estados miembros en la prevenci\u00f3n y lucha contra delincuencia grave y organizada, incluida la facilitaci\u00f3n de la inmigraci\u00f3n irregular, pero sus funcionarios no arrestan ni inician investigaciones por s\u00ed mismos.<\/p>\n<p>Esta diferencia es crucial.<\/p>\n<p>La presencia o apoyo de una agencia europea puede reforzar capacidad t\u00e9cnica.<\/p>\n<p>No convierte a la agencia en autoridad que decide el expediente individual.<\/p>\n<h2>El triaje no es una decisi\u00f3n final<\/h2>\n<p>La palabra \u201ctriaje\u201d puede generar confusi\u00f3n.<\/p>\n<p>En lenguaje com\u00fan puede sonar a clasificaci\u00f3n r\u00e1pida. En Derecho de la Uni\u00f3n, debe entenderse con m\u00e1s precisi\u00f3n.<\/p>\n<p>El triaje no decide por s\u00ed solo si una persona recibe asilo.<\/p>\n<p>No ejecuta por s\u00ed solo un retorno.<\/p>\n<p>No sustituye la determinaci\u00f3n de edad.<\/p>\n<p>No convierte autom\u00e1ticamente a una persona en expulsable.<\/p>\n<p>Tampoco elimina el an\u00e1lisis de vulnerabilidad.<\/p>\n<p>Su funci\u00f3n es inicial: identificar, controlar, recoger informaci\u00f3n y derivar al procedimiento adecuado.<\/p>\n<p>Por eso resulta tan importante que el triaje se haga bien.<\/p>\n<p style=\"text-align: justify;\">Un mal triaje puede contaminar todo lo que viene despu\u00e9s: asilo, retorno, protecci\u00f3n de menores, detecci\u00f3n de trata o situaci\u00f3n de especial vulnerabilidad.<\/p>\n<p>Y, si intervienen agencias europeas, la necesidad de trazabilidad aumenta, no disminuye.<\/p>\n<h2>Eurodac: la frontera tambi\u00e9n es un expediente de datos<\/h2>\n<p>Ceuta no solo produce expedientes administrativos.<\/p>\n<p>Tambi\u00e9n puede producir datos.<\/p>\n<p style=\"text-align: justify;\">Eurodac, tras el Reglamento (UE) 2024\/1358, forma parte de la arquitectura europea para comparar datos biom\u00e9tricos, aplicar el sistema de asilo y migraci\u00f3n e identificar a nacionales de terceros pa\u00edses y ap\u00e1tridas en situaci\u00f3n irregular.<\/p>\n<p>Este punto no debe tratarse con miedo, sino con rigor.<\/p>\n<p style=\"text-align: justify;\">Los datos biom\u00e9tricos pueden ser relevantes para determinar identidad, trazabilidad, procedimientos previos, responsabilidad del Estado miembro o v\u00ednculos con otros expedientes.<\/p>\n<p>Pero tambi\u00e9n exigen garant\u00edas.<\/p>\n<p>Un dato mal tomado, mal asociado o mal interpretado puede afectar a una persona concreta.<\/p>\n<p>Por eso el nuevo marco europeo no debe leerse solo como m\u00e1s control.<\/p>\n<p>Tambi\u00e9n debe leerse como m\u00e1s necesidad de garant\u00edas, registros, supervisi\u00f3n y derecho de defensa.<\/p>\n<h2>El precedente de Ceuta 2021: la emergencia no borra el procedimiento<\/h2>\n<p>La historia reciente ya dej\u00f3 una advertencia.<\/p>\n<p style=\"text-align: justify;\">En 2024, el Tribunal Supremo confirm\u00f3 que la devoluci\u00f3n de menores marroqu\u00edes desde Ceuta a Marruecos realizada en agosto de 2021 fue ilegal por no seguir el procedimiento previsto en la Ley de Extranjer\u00eda. La nota oficial del Poder Judicial subraya la necesidad de procedimiento administrativo individual, informaci\u00f3n sobre la situaci\u00f3n de cada afectado, audiencia si el menor tiene madurez e intervenci\u00f3n del Ministerio Fiscal.<\/p>\n<p style=\"text-align: justify;\">El Supremo tambi\u00e9n abord\u00f3 el Acuerdo hispano-marroqu\u00ed de 2007 y dej\u00f3 claro que no bastaba por s\u00ed solo para fundamentar el retorno de menores a Marruecos sin seguir el procedimiento espa\u00f1ol aplicable.<\/p>\n<p>Esta doctrina encaja perfectamente con la tesis actual.<\/p>\n<p>A mayor presi\u00f3n, m\u00e1s coordinaci\u00f3n.<\/p>\n<p>Pero no menos garant\u00edas.<\/p>\n<p>A mayor crisis, m\u00e1s trazabilidad.<\/p>\n<p>Pero no menos procedimiento.<\/p>\n<p style=\"text-align: justify;\">A mayor intervenci\u00f3n institucional, m\u00e1s necesidad de saber qui\u00e9n decide, con qu\u00e9 competencia y con qu\u00e9 expediente.<\/p>\n<h2 style=\"text-align: justify;\"><a href=\"https:\/\/www.boe.es\/diario_boe\/txt.php?id=BOE-A-2025-5740\">STC 43\/2025<\/a>: la saturaci\u00f3n no convierte al menor en problema ajeno<\/h2>\n<p>El Tribunal Constitucional tambi\u00e9n ha aportado una pieza importante.<\/p>\n<p style=\"text-align: justify;\">La STC 43\/2025 examin\u00f3 disposiciones auton\u00f3micas de Canarias relativas a menores migrantes no acompa\u00f1ados y abord\u00f3 el problema de la recepci\u00f3n en el sistema de protecci\u00f3n. La sentencia analiza la competencia auton\u00f3mica en protecci\u00f3n de menores y el objetivo de ordenar la recepci\u00f3n con garant\u00edas y atenci\u00f3n al inter\u00e9s superior del menor.<\/p>\n<p style=\"text-align: justify;\">La lectura que interesa para Ceuta es clara: la saturaci\u00f3n administrativa puede explicar la dificultad, pero no permite desentenderse del menor.<\/p>\n<p style=\"text-align: justify;\">La infancia migrante no acompa\u00f1ada no es una variable log\u00edstica.<\/p>\n<p>Es una categor\u00eda jur\u00eddica protegida.<\/p>\n<p style=\"text-align: justify;\">Y esa protecci\u00f3n obliga al Estado, a las comunidades aut\u00f3nomas o ciudades aut\u00f3nomas competentes y al conjunto del sistema administrativo.<\/p>\n<h2>N.D. y N.T. contra Espa\u00f1a: una sentencia que no debe usarse fuera de contexto<\/h2>\n<p>El asunto N.D. y N.T. contra Espa\u00f1a, resuelto por la <a href=\"https:\/\/europeancourt.org\/es\/documentos\/consejo-de-europa\/convenio-europeo-de-derechos-humanos\/\">Gran Sala del TEDH<\/a> en 2020, se cita con frecuencia en debates sobre Ceuta y Melilla.<\/p>\n<p>Pero hay que citarlo bien.<\/p>\n<p style=\"text-align: justify;\">La sentencia se refer\u00eda a adultos que participaron en un intento colectivo de superar las vallas de Melilla. El TEDH valor\u00f3, entre otros elementos, la conducta de los demandantes y la existencia de v\u00edas legales de entrada, y concluy\u00f3 que no hubo violaci\u00f3n del Convenio en esas circunstancias concretas.<\/p>\n<p>Eso no autoriza a extraer una regla general del tipo: \u201ctodo intento de entrada irregular puede devolverse inmediatamente\u201d.<\/p>\n<p>No era un caso de menores no acompa\u00f1ados.<\/p>\n<p>No era un procedimiento de repatriaci\u00f3n de menores.<\/p>\n<p>No era una solicitud individual de protecci\u00f3n internacional mal tramitada.<\/p>\n<p>No eliminaba el principio de no devoluci\u00f3n.<\/p>\n<p>No sustitu\u00eda el procedimiento espa\u00f1ol cuando este resulta aplicable.<\/p>\n<p>En Ceuta, usar N.D. y N.T. sin matices es jur\u00eddicamente peligroso.<\/p>\n<h2>No todo solapamiento normativo es conflicto<\/h2>\n<p>Este art\u00edculo habla de conflicto normativo, pero conviene afinar.<\/p>\n<p>A veces no hay conflicto.<\/p>\n<p>Hay encaje.<\/p>\n<p>La Ley de Extranjer\u00eda puede regular una situaci\u00f3n.<\/p>\n<p>El Derecho de la Uni\u00f3n puede a\u00f1adir un procedimiento directamente aplicable.<\/p>\n<p>La Carta puede activar garant\u00edas de derechos fundamentales.<\/p>\n<p>El CEDH puede imponer un est\u00e1ndar externo de derechos humanos.<\/p>\n<p>La Seguridad Nacional puede ordenar recursos.<\/p>\n<p>Frontex, EUAA o Europol pueden apoyar t\u00e9cnicamente.<\/p>\n<p>Y todo eso puede estar actuando sobre la misma realidad sin que una capa elimine autom\u00e1ticamente a las dem\u00e1s.<\/p>\n<p>Por eso la pregunta correcta no es:<\/p>\n<p>\u201c\u00bfQu\u00e9 norma gana?\u201d<\/p>\n<p>La pregunta correcta es:<\/p>\n<p style=\"text-align: justify;\"><strong>\u00bfqu\u00e9 norma regula esta parte del problema, dentro de qu\u00e9 \u00e1mbito, con qu\u00e9 jerarqu\u00eda y con qu\u00e9 garant\u00eda m\u00ednima?<\/strong><\/p>\n<h2 style=\"text-align: justify;\">\u00bfExiste una regla simple de \u201caplicar siempre la norma m\u00e1s favorable\u201d?<\/h2>\n<p>No exactamente.<\/p>\n<p>Esa frase puede ser \u00fatil en conversaci\u00f3n, pero no basta como criterio t\u00e9cnico.<\/p>\n<p style=\"text-align: justify;\">En Derecho de la Uni\u00f3n, la primac\u00eda opera dentro del \u00e1mbito del Derecho de la Uni\u00f3n. Los Reglamentos son directamente aplicables y no pueden ser neutralizados por normas internas incompatibles.<\/p>\n<p style=\"text-align: justify;\">La <a href=\"https:\/\/infocuria.curia.europa.eu\/tabs\/document?source=document&amp;docid=134203&amp;doclang=ES\">doctrina Melloni del TJUE<\/a> recuerda que los Estados miembros pueden aplicar est\u00e1ndares nacionales de protecci\u00f3n m\u00e1s altos cuando el Derecho de la Uni\u00f3n deja margen, siempre que no se comprometan el nivel de protecci\u00f3n de la Carta ni la primac\u00eda, unidad y efectividad del Derecho de la Uni\u00f3n.<\/p>\n<p>Dicho de forma pr\u00e1ctica:<\/p>\n<p>Espa\u00f1a puede mantener garant\u00edas nacionales superiores cuando el Derecho europeo lo permite.<\/p>\n<p>No puede reducir garant\u00edas europeas.<\/p>\n<p>Y no puede aplicar una norma interna incompatible con un r\u00e9gimen europeo plenamente aplicable.<\/p>\n<h2>Qu\u00e9 puede hacer el Estado en Ceuta<\/h2>\n<p>El Estado puede hacer mucho.<\/p>\n<p>Puede activar Seguridad Nacional.<\/p>\n<p>Puede coordinar ministerios.<\/p>\n<p>Puede movilizar recursos.<\/p>\n<p>Puede reforzar identificaci\u00f3n.<\/p>\n<p>Puede habilitar espacios.<\/p>\n<p>Puede pedir apoyo a agencias europeas.<\/p>\n<p>Puede articular triaje.<\/p>\n<p>Puede tramitar expedientes.<\/p>\n<p>Puede activar procedimientos fronterizos de asilo o retorno cuando procedan.<\/p>\n<p>Puede cooperar con Marruecos.<\/p>\n<p>Puede pedir asistencia t\u00e9cnica de Frontex, EUAA o Europol.<\/p>\n<p>Puede reforzar la protecci\u00f3n de menores y personas vulnerables.<\/p>\n<p>Pero cada actuaci\u00f3n debe tener encaje.<\/p>\n<p>No basta con que la finalidad sea comprensible.<\/p>\n<p>Debe existir competencia, procedimiento y garant\u00eda.<\/p>\n<h2>Qu\u00e9 no deber\u00eda hacer autom\u00e1ticamente<\/h2>\n<p>No deber\u00eda convertir Ceuta en una \u00fanica categor\u00eda jur\u00eddica.<\/p>\n<p>No deber\u00eda tratar igual a adultos, menores, solicitantes de protecci\u00f3n internacional y personas vulnerables.<\/p>\n<p>No deber\u00eda usar \u201cretorno\u201d como palabra paraguas para todo.<\/p>\n<p>No deber\u00eda convertir el triaje en decisi\u00f3n final.<\/p>\n<p>No deber\u00eda considerar que la intervenci\u00f3n de agencias europeas sustituye la decisi\u00f3n nacional.<\/p>\n<p>No deber\u00eda utilizar Seguridad Nacional como si fuera estado de excepci\u00f3n.<\/p>\n<p>No deber\u00eda invocar acuerdos bilaterales para omitir procedimientos internos.<\/p>\n<p>No deber\u00eda aplicar el Pacto Europeo como si fuera una norma de desprotecci\u00f3n.<\/p>\n<p>No deber\u00eda olvidar que el expediente migratorio es individual aunque la llegada sea colectiva.<\/p>\n<h2>La tesis de Gestr\u00e1mites<\/h2>\n<p>Ceuta no se resuelve con una sola norma.<\/p>\n<p>Ni con una sola Administraci\u00f3n.<\/p>\n<p>Ni con una sola agencia.<\/p>\n<p>Ni con una sola palabra.<\/p>\n<p>La crisis exige coordinaci\u00f3n, s\u00ed.<\/p>\n<p>Pero tambi\u00e9n exige clasificaci\u00f3n jur\u00eddica.<\/p>\n<p>Exige triaje, pero no automatismo.<\/p>\n<p>Exige Seguridad Nacional, pero no suspensi\u00f3n de garant\u00edas.<\/p>\n<p>Exige Derecho europeo, pero no desaparici\u00f3n del Derecho espa\u00f1ol.<\/p>\n<p>Exige apoyo de agencias, pero no sustituci\u00f3n de la autoridad competente.<\/p>\n<p>Exige retorno cuando proceda, pero no como respuesta universal.<\/p>\n<p>Exige protecci\u00f3n de menores cuando haya menores.<\/p>\n<p>Exige asilo cuando se solicita protecci\u00f3n internacional.<\/p>\n<p>Exige detecci\u00f3n de vulnerabilidad cuando aparecen indicios.<\/p>\n<p>Y exige algo que en los momentos de presi\u00f3n suele parecer lento, pero es esencial: individualizar.<\/p>\n<h2>Conclusi\u00f3n<\/h2>\n<p>Ceuta muestra una paradoja jur\u00eddica muy clara.<\/p>\n<p>Cuanto m\u00e1s colectiva parece la crisis, m\u00e1s individual debe ser la respuesta administrativa.<\/p>\n<p>Cuanto m\u00e1s extraordinaria parece la situaci\u00f3n, m\u00e1s sistemas jur\u00eddicos entran en juego.<\/p>\n<p>Y cuanto m\u00e1s urgente parece actuar, m\u00e1s importante es saber qu\u00e9 procedimiento corresponde.<\/p>\n<p>Derecho espa\u00f1ol.<\/p>\n<p>Seguridad Nacional.<\/p>\n<p>Derecho de la Uni\u00f3n Europea.<\/p>\n<p>Carta de Derechos Fundamentales.<\/p>\n<p>Convenio Europeo de Derechos Humanos.<\/p>\n<p>Frontex.<\/p>\n<p>EUAA.<\/p>\n<p>Europol.<\/p>\n<p>Ninguno de esos planos puede leerse aisladamente.<\/p>\n<p>Y ninguno deber\u00eda utilizarse para borrar a los dem\u00e1s.<\/p>\n<p>La pregunta jur\u00eddica decisiva no es solo qu\u00e9 est\u00e1 pasando en Ceuta.<\/p>\n<p>Es esta:<\/p>\n<p><strong>qu\u00e9 norma se aplica a cada persona, qu\u00e9 autoridad decide y qu\u00e9 garant\u00eda no puede omitirse.<\/strong><\/p>\n<h2 class=\"PDq2pG_selectionAnchorContainer\" data-section-id=\"1sghawa\" data-start=\"26231\" data-end=\"26241\">FAQ SEO<\/h2>\n<p style=\"text-align: justify;\" data-start=\"26243\" data-end=\"26504\"><strong data-start=\"26243\" data-end=\"26302\">\u00bfQu\u00e9 normas act\u00faan en Ceuta ante una crisis migratoria?<\/strong><br data-start=\"26302\" data-end=\"26305\" \/>Act\u00faan varias capas: Derecho espa\u00f1ol, Seguridad Nacional, Derecho de la Uni\u00f3n Europea, Carta de Derechos Fundamentales, Convenio Europeo de Derechos Humanos y, en su caso, apoyo de agencias europeas.<\/p>\n<p style=\"text-align: justify;\" data-start=\"26506\" data-end=\"26795\"><strong data-start=\"26506\" data-end=\"26565\">\u00bfLa Seguridad Nacional sustituye la Ley de Extranjer\u00eda?<\/strong><br data-start=\"26565\" data-end=\"26568\" \/>No. La situaci\u00f3n de inter\u00e9s para la Seguridad Nacional permite coordinaci\u00f3n reforzada y puesta a disposici\u00f3n funcional de recursos, pero no sustituye por s\u00ed sola los procedimientos de extranjer\u00eda, asilo o protecci\u00f3n de menores.<\/p>\n<p style=\"text-align: justify;\" data-start=\"26797\" data-end=\"27032\"><strong data-start=\"26797\" data-end=\"26836\">\u00bfQu\u00e9 papel tiene el triaje europeo?<\/strong><br data-start=\"26836\" data-end=\"26839\" \/>El triaje sirve para identificar, controlar, detectar vulnerabilidades y derivar a cada persona al procedimiento adecuado. No decide por s\u00ed solo el asilo, el retorno o la situaci\u00f3n de un menor.<\/p>\n<p style=\"text-align: justify;\" data-start=\"27034\" data-end=\"27276\"><strong data-start=\"27034\" data-end=\"27071\">\u00bfQu\u00e9 es Eurodac en este contexto?<\/strong><br data-start=\"27071\" data-end=\"27074\" \/>Eurodac es el sistema europeo de comparaci\u00f3n de datos biom\u00e9tricos para aplicar la normativa europea de asilo y migraci\u00f3n e identificar a nacionales de terceros pa\u00edses y ap\u00e1tridas en situaci\u00f3n irregular.<\/p>\n<p style=\"text-align: justify;\" data-start=\"27278\" data-end=\"27488\"><strong data-start=\"27278\" data-end=\"27346\">\u00bfFrontex, EUAA y Europol sustituyen a las autoridades espa\u00f1olas?<\/strong><br data-start=\"27346\" data-end=\"27349\" \/>No. Pueden prestar apoyo operativo o t\u00e9cnico, pero no sustituyen a las autoridades competentes ni eliminan los procedimientos individuales.<\/p>\n<p style=\"text-align: justify;\" data-start=\"27490\" data-end=\"27694\"><strong data-start=\"27490\" data-end=\"27532\">\u00bfQu\u00e9 diferencia hay entre TJUE y TEDH?<\/strong><br data-start=\"27532\" data-end=\"27535\" \/>El TJUE pertenece a la Uni\u00f3n Europea e interpreta Derecho de la Uni\u00f3n. El TEDH pertenece al Consejo de Europa y aplica el Convenio Europeo de Derechos Humanos.<\/p>\n<p style=\"text-align: justify;\" data-start=\"27696\" data-end=\"27977\"><strong data-start=\"27696\" data-end=\"27742\">\u00bfSe aplica siempre la norma m\u00e1s favorable?<\/strong><br data-start=\"27742\" data-end=\"27745\" \/>No existe una regla simple. Espa\u00f1a puede mantener garant\u00edas superiores cuando el Derecho de la Uni\u00f3n deja margen, pero no puede reducir garant\u00edas europeas ni aplicar normas internas incompatibles con Reglamentos europeos aplicables.<\/p>\n<p style=\"text-align: justify;\" data-start=\"27979\" data-end=\"28208\"><strong data-start=\"27979\" data-end=\"28020\">\u00bfQu\u00e9 ense\u00f1\u00f3 Ceuta 2021 sobre menores?<\/strong><br data-start=\"28020\" data-end=\"28023\" \/>El Tribunal Supremo confirm\u00f3 en 2024 que la devoluci\u00f3n de menores desde Ceuta a Marruecos en 2021 fue ilegal por no seguir el procedimiento individual previsto en la Ley de Extranjer\u00eda.<\/p>\n<p style=\"text-align: justify;\">Si una situaci\u00f3n de entrada, protecci\u00f3n internacional, menor no acompa\u00f1ado, devoluci\u00f3n, acogida, retorno o residencia requiere an\u00e1lisis individual, en Gestr\u00e1mites estudiamos el procedimiento aplicable antes de adoptar una estrategia jur\u00eddica.<\/p>\n<p>\ud83d\udcf2 WhatsApp Gestr\u00e1mites: +34 676 035 990<br \/>\n\ud83c\udf10 gestramites.com<\/p>\n<p><em>Este art\u00edculo ha sido elaborado con apoyo de herramientas de inteligencia artificial para su investigaci\u00f3n y estructuraci\u00f3n inicial, y revisado y validado por el equipo de Gestr\u00e1mites, que asume la responsabilidad editorial sobre su contenido.<\/em><\/p>","protected":false},"excerpt":{"rendered":"<p>Ceuta no se resuelve con una sola norma. La crisis activa derecho espa\u00f1ol, Seguridad Nacional, Derecho de la UE, derechos fundamentales y agencias europeas como Frontex, EUAA y Europol. <\/p>","protected":false},"author":1,"featured_media":3043,"comment_status":"open","ping_status":"open","sticky":false,"template":"","format":"standard","meta":{"site-sidebar-layout":"default","site-content-layout":"","ast-site-content-layout":"default","site-content-style":"default","site-sidebar-style":"default","ast-global-header-display":"","ast-banner-title-visibility":"","ast-main-header-display":"","ast-hfb-above-header-display":"","ast-hfb-below-header-display":"","ast-hfb-mobile-header-display":"","site-post-title":"","ast-breadcrumbs-content":"","ast-featured-img":"","footer-sml-layout":"","theme-transparent-header-meta":"default","adv-header-id-meta":"","stick-header-meta":"","header-above-stick-meta":"","header-main-stick-meta":"","header-below-stick-meta":"","astra-migrate-meta-layouts":"set","ast-page-background-enabled":"default","ast-page-background-meta":{"desktop":{"background-color":"","background-image":"","background-repeat":"repeat","background-position":"center center","background-size":"auto","background-attachment":"scroll","background-type":"","background-media":"","overlay-type":"","overlay-color":"","overlay-opacity":"","overlay-gradient":""},"tablet":{"background-color":"","background-image":"","background-repeat":"repeat","background-position":"center center","background-size":"auto","background-attachment":"scroll","background-type":"","background-media":"","overlay-type":"","overlay-color":"","overlay-opacity":"","overlay-gradient":""},"mobile":{"background-color":"","background-image":"","background-repeat":"repeat","background-position":"center center","background-size":"auto","background-attachment":"scroll","background-type":"","background-media":"","overlay-type":"","overlay-color":"","overlay-opacity":"","overlay-gradient":""}},"ast-content-background-meta":{"desktop":{"background-color":"var(--ast-global-color-5)","background-image":"","background-repeat":"repeat","background-position":"center center","background-size":"auto","background-attachment":"scroll","background-type":"","background-media":"","overlay-type":"","overlay-color":"","overlay-opacity":"","overlay-gradient":""},"tablet":{"background-color":"var(--ast-global-color-5)","background-image":"","background-repeat":"repeat","background-position":"center center","background-size":"auto","background-attachment":"scroll","background-type":"","background-media":"","overlay-type":"","overlay-color":"","overlay-opacity":"","overlay-gradient":""},"mobile":{"background-color":"var(--ast-global-color-5)","background-image":"","background-repeat":"repeat","background-position":"center center","background-size":"auto","background-attachment":"scroll","background-type":"","background-media":"","overlay-type":"","overlay-color":"","overlay-opacity":"","overlay-gradient":""}},"_joinchat":[],"footnotes":""},"categories":[143,34],"tags":[43,169,144,164,163,166,74,167,165,98,154,148,79,66,162,157,156,168],"class_list":["post-3042","post","type-post","status-publish","format-standard","has-post-thumbnail","hentry","category-derecho-de-la-union-europea","category-extranjeria-nacionalidad","tag-asilo","tag-carta-de-derechos-fundamentales","tag-ceuta","tag-convenio-europeo-de-derechos-humanos","tag-derecho-ue","tag-euaa","tag-eurodac","tag-europol","tag-frontex","tag-gestramites","tag-ley-de-extranjeria","tag-menores-no-acompanados","tag-pacto-europeo-de-migracion-y-asilo","tag-retorno","tag-seguridad-nacional","tag-tedh","tag-tjue","tag-triaje"],"yoast_head":"<!-- This site is optimized with the Yoast SEO plugin v26.7 - https:\/\/yoast.com\/wordpress\/plugins\/seo\/ -->\n<title>Ceuta: ley espa\u00f1ola, UE, CEDH y Seguridad Nacional<\/title>\n<meta name=\"description\" content=\"Ceuta exige coordinar ley espa\u00f1ola, Derecho UE, CEDH, Seguridad Nacional y agencias europeas sin perder garant\u00edas.\" \/>\n<meta name=\"robots\" content=\"index, follow, max-snippet:-1, max-image-preview:large, max-video-preview:-1\" \/>\n<link rel=\"canonical\" href=\"https:\/\/gestramites.com\/en\/ceuta-ley-espanola-derecho-ue-convenio-europeo\/\" \/>\n<meta property=\"og:locale\" content=\"en_GB\" \/>\n<meta property=\"og:type\" content=\"article\" \/>\n<meta property=\"og:title\" content=\"Ceuta: ley espa\u00f1ola, UE, CEDH y Seguridad Nacional\" \/>\n<meta property=\"og:description\" content=\"Ceuta exige coordinar ley espa\u00f1ola, Derecho UE, CEDH, Seguridad Nacional y agencias europeas sin perder garant\u00edas.\" \/>\n<meta property=\"og:url\" content=\"https:\/\/gestramites.com\/en\/ceuta-ley-espanola-derecho-ue-convenio-europeo\/\" \/>\n<meta property=\"og:site_name\" content=\"Gestr\u00e1mites | Abogadas expertas en extranjer\u00eda y nacionalidad\" \/>\n<meta property=\"article:published_time\" content=\"2026-08-29T12:19:22+00:00\" \/>\n<meta property=\"og:image\" content=\"https:\/\/gestramites.com\/wp-content\/uploads\/2026\/08\/articulo_Ceuta_no_se_soluciona_con_una_sola_norma.webp\" \/>\n\t<meta property=\"og:image:width\" content=\"1200\" \/>\n\t<meta property=\"og:image:height\" content=\"675\" \/>\n\t<meta property=\"og:image:type\" content=\"image\/webp\" \/>\n<meta name=\"author\" content=\"admin\" \/>\n<meta name=\"twitter:card\" content=\"summary_large_image\" \/>\n<meta name=\"twitter:label1\" content=\"Written by\" \/>\n\t<meta name=\"twitter:data1\" content=\"admin\" \/>\n\t<meta name=\"twitter:label2\" content=\"Estimated reading time\" \/>\n\t<meta name=\"twitter:data2\" content=\"18 minutes\" \/>\n<script type=\"application\/ld+json\" class=\"yoast-schema-graph\">{\"@context\":\"https:\/\/schema.org\",\"@graph\":[{\"@type\":\"Article\",\"@id\":\"https:\/\/gestramites.com\/ceuta-ley-espanola-derecho-ue-convenio-europeo\/#article\",\"isPartOf\":{\"@id\":\"https:\/\/gestramites.com\/ceuta-ley-espanola-derecho-ue-convenio-europeo\/\"},\"author\":{\"name\":\"admin\",\"@id\":\"https:\/\/gestramites.com\/#\/schema\/person\/be7a3aa649a91a66851bedde78b460e4\"},\"headline\":\"Ceuta: cuando la ley espa\u00f1ola, el Derecho de la UE y el Convenio Europeo act\u00faan al mismo tiempo\",\"datePublished\":\"2026-08-29T12:19:22+00:00\",\"mainEntityOfPage\":{\"@id\":\"https:\/\/gestramites.com\/ceuta-ley-espanola-derecho-ue-convenio-europeo\/\"},\"wordCount\":4161,\"commentCount\":0,\"publisher\":{\"@id\":\"https:\/\/gestramites.com\/#organization\"},\"image\":{\"@id\":\"https:\/\/gestramites.com\/ceuta-ley-espanola-derecho-ue-convenio-europeo\/#primaryimage\"},\"thumbnailUrl\":\"https:\/\/gestramites.com\/wp-content\/uploads\/2026\/08\/articulo_Ceuta_no_se_soluciona_con_una_sola_norma.webp\",\"keywords\":[\"asilo\",\"Carta de Derechos Fundamentales\",\"Ceuta\",\"Convenio Europeo de Derechos Humanos\",\"Derecho UE\",\"EUAA\",\"Eurodac\",\"Europol\",\"Frontex\",\"Gestr\u00e1mites\",\"Ley de Extranjer\u00eda\",\"menores no acompa\u00f1ados\",\"Pacto Europeo de Migraci\u00f3n y Asilo\",\"retorno\",\"Seguridad Nacional\",\"TEDH\",\"TJUE\",\"triaje\"],\"articleSection\":[\"Derecho de la Uni\u00f3n Europea\",\"Extranjer\u00eda Nacionalidad\"],\"inLanguage\":\"en-GB\",\"potentialAction\":[{\"@type\":\"CommentAction\",\"name\":\"Comment\",\"target\":[\"https:\/\/gestramites.com\/ceuta-ley-espanola-derecho-ue-convenio-europeo\/#respond\"]}]},{\"@type\":\"WebPage\",\"@id\":\"https:\/\/gestramites.com\/ceuta-ley-espanola-derecho-ue-convenio-europeo\/\",\"url\":\"https:\/\/gestramites.com\/ceuta-ley-espanola-derecho-ue-convenio-europeo\/\",\"name\":\"Ceuta: ley espa\u00f1ola, UE, CEDH y Seguridad Nacional\",\"isPartOf\":{\"@id\":\"https:\/\/gestramites.com\/#website\"},\"primaryImageOfPage\":{\"@id\":\"https:\/\/gestramites.com\/ceuta-ley-espanola-derecho-ue-convenio-europeo\/#primaryimage\"},\"image\":{\"@id\":\"https:\/\/gestramites.com\/ceuta-ley-espanola-derecho-ue-convenio-europeo\/#primaryimage\"},\"thumbnailUrl\":\"https:\/\/gestramites.com\/wp-content\/uploads\/2026\/08\/articulo_Ceuta_no_se_soluciona_con_una_sola_norma.webp\",\"datePublished\":\"2026-08-29T12:19:22+00:00\",\"description\":\"Ceuta exige coordinar ley espa\u00f1ola, Derecho UE, CEDH, Seguridad Nacional y agencias europeas sin perder garant\u00edas.\",\"breadcrumb\":{\"@id\":\"https:\/\/gestramites.com\/ceuta-ley-espanola-derecho-ue-convenio-europeo\/#breadcrumb\"},\"inLanguage\":\"en-GB\",\"potentialAction\":[{\"@type\":\"ReadAction\",\"target\":[\"https:\/\/gestramites.com\/ceuta-ley-espanola-derecho-ue-convenio-europeo\/\"]}]},{\"@type\":\"ImageObject\",\"inLanguage\":\"en-GB\",\"@id\":\"https:\/\/gestramites.com\/ceuta-ley-espanola-derecho-ue-convenio-europeo\/#primaryimage\",\"url\":\"https:\/\/gestramites.com\/wp-content\/uploads\/2026\/08\/articulo_Ceuta_no_se_soluciona_con_una_sola_norma.webp\",\"contentUrl\":\"https:\/\/gestramites.com\/wp-content\/uploads\/2026\/08\/articulo_Ceuta_no_se_soluciona_con_una_sola_norma.webp\",\"width\":1200,\"height\":675,\"caption\":\"Ceuta exige encajar varias capas jur\u00eddicas sin confundir procedimientos, competencias ni garant\u00edas.\"},{\"@type\":\"BreadcrumbList\",\"@id\":\"https:\/\/gestramites.com\/ceuta-ley-espanola-derecho-ue-convenio-europeo\/#breadcrumb\",\"itemListElement\":[{\"@type\":\"ListItem\",\"position\":1,\"name\":\"Home\",\"item\":\"https:\/\/gestramites.com\/\"},{\"@type\":\"ListItem\",\"position\":2,\"name\":\"Ceuta: cuando la ley espa\u00f1ola, el Derecho de la UE y el Convenio Europeo act\u00faan al mismo tiempo\"}]},{\"@type\":\"WebSite\",\"@id\":\"https:\/\/gestramites.com\/#website\",\"url\":\"https:\/\/gestramites.com\/\",\"name\":\"Gestr\u00e1mites | Abogadas expertas en extranjer\u00eda y nacionalidad\",\"description\":\"Tr\u00e1mites de extranjer\u00eda y nacionalidad espa\u00f1ola con abogadas expertas. 20 a\u00f1os regularizando inmigrantes. WhatsApp directo. Respuesta en 24 h.\",\"publisher\":{\"@id\":\"https:\/\/gestramites.com\/#organization\"},\"potentialAction\":[{\"@type\":\"SearchAction\",\"target\":{\"@type\":\"EntryPoint\",\"urlTemplate\":\"https:\/\/gestramites.com\/?s={search_term_string}\"},\"query-input\":{\"@type\":\"PropertyValueSpecification\",\"valueRequired\":true,\"valueName\":\"search_term_string\"}}],\"inLanguage\":\"en-GB\"},{\"@type\":\"Organization\",\"@id\":\"https:\/\/gestramites.com\/#organization\",\"name\":\"Gestr\u00e1mites | Abogadas expertas en extranjer\u00eda y nacionalidad\",\"url\":\"https:\/\/gestramites.com\/\",\"logo\":{\"@type\":\"ImageObject\",\"inLanguage\":\"en-GB\",\"@id\":\"https:\/\/gestramites.com\/#\/schema\/logo\/image\/\",\"url\":\"https:\/\/gestramites.com\/wp-content\/uploads\/2026\/08\/VERSION-LOGO-ACTUALIZADO-AGOSTO-2026.webp\",\"contentUrl\":\"https:\/\/gestramites.com\/wp-content\/uploads\/2026\/08\/VERSION-LOGO-ACTUALIZADO-AGOSTO-2026.webp\",\"width\":900,\"height\":300,\"caption\":\"Gestr\u00e1mites | Abogadas expertas en extranjer\u00eda y nacionalidad\"},\"image\":{\"@id\":\"https:\/\/gestramites.com\/#\/schema\/logo\/image\/\"}},{\"@type\":\"Person\",\"@id\":\"https:\/\/gestramites.com\/#\/schema\/person\/be7a3aa649a91a66851bedde78b460e4\",\"name\":\"admin\",\"image\":{\"@type\":\"ImageObject\",\"inLanguage\":\"en-GB\",\"@id\":\"https:\/\/gestramites.com\/#\/schema\/person\/image\/\",\"url\":\"https:\/\/gestramites.com\/wp-content\/litespeed\/avatar\/6a228d22836397f1f3f0050ac2ee9adf.jpg?ver=1787929463\",\"contentUrl\":\"https:\/\/gestramites.com\/wp-content\/litespeed\/avatar\/6a228d22836397f1f3f0050ac2ee9adf.jpg?ver=1787929463\",\"caption\":\"admin\"},\"sameAs\":[\"https:\/\/gestramites.com\"],\"url\":\"https:\/\/gestramites.com\/en\/author\/admin\/\"}]}<\/script>\n<!-- \/ Yoast SEO plugin. -->","yoast_head_json":{"title":"Ceuta: ley espa\u00f1ola, UE, CEDH y Seguridad Nacional","description":"Ceuta exige coordinar ley espa\u00f1ola, Derecho UE, CEDH, Seguridad Nacional y agencias europeas sin perder garant\u00edas.","robots":{"index":"index","follow":"follow","max-snippet":"max-snippet:-1","max-image-preview":"max-image-preview:large","max-video-preview":"max-video-preview:-1"},"canonical":"https:\/\/gestramites.com\/en\/ceuta-ley-espanola-derecho-ue-convenio-europeo\/","og_locale":"en_GB","og_type":"article","og_title":"Ceuta: ley espa\u00f1ola, UE, CEDH y Seguridad Nacional","og_description":"Ceuta exige coordinar ley espa\u00f1ola, Derecho UE, CEDH, Seguridad Nacional y agencias europeas sin perder garant\u00edas.","og_url":"https:\/\/gestramites.com\/en\/ceuta-ley-espanola-derecho-ue-convenio-europeo\/","og_site_name":"Gestr\u00e1mites | Abogadas expertas en extranjer\u00eda y nacionalidad","article_published_time":"2026-08-29T12:19:22+00:00","og_image":[{"width":1200,"height":675,"url":"https:\/\/gestramites.com\/wp-content\/uploads\/2026\/08\/articulo_Ceuta_no_se_soluciona_con_una_sola_norma.webp","type":"image\/webp"}],"author":"admin","twitter_card":"summary_large_image","twitter_misc":{"Written by":"admin","Estimated reading time":"18 minutes"},"schema":{"@context":"https:\/\/schema.org","@graph":[{"@type":"Article","@id":"https:\/\/gestramites.com\/ceuta-ley-espanola-derecho-ue-convenio-europeo\/#article","isPartOf":{"@id":"https:\/\/gestramites.com\/ceuta-ley-espanola-derecho-ue-convenio-europeo\/"},"author":{"name":"admin","@id":"https:\/\/gestramites.com\/#\/schema\/person\/be7a3aa649a91a66851bedde78b460e4"},"headline":"Ceuta: cuando la ley espa\u00f1ola, el Derecho de la UE y el Convenio Europeo act\u00faan al mismo tiempo","datePublished":"2026-08-29T12:19:22+00:00","mainEntityOfPage":{"@id":"https:\/\/gestramites.com\/ceuta-ley-espanola-derecho-ue-convenio-europeo\/"},"wordCount":4161,"commentCount":0,"publisher":{"@id":"https:\/\/gestramites.com\/#organization"},"image":{"@id":"https:\/\/gestramites.com\/ceuta-ley-espanola-derecho-ue-convenio-europeo\/#primaryimage"},"thumbnailUrl":"https:\/\/gestramites.com\/wp-content\/uploads\/2026\/08\/articulo_Ceuta_no_se_soluciona_con_una_sola_norma.webp","keywords":["asilo","Carta de Derechos Fundamentales","Ceuta","Convenio Europeo de Derechos Humanos","Derecho UE","EUAA","Eurodac","Europol","Frontex","Gestr\u00e1mites","Ley de Extranjer\u00eda","menores no acompa\u00f1ados","Pacto Europeo de Migraci\u00f3n y Asilo","retorno","Seguridad Nacional","TEDH","TJUE","triaje"],"articleSection":["Derecho de la Uni\u00f3n Europea","Extranjer\u00eda Nacionalidad"],"inLanguage":"en-GB","potentialAction":[{"@type":"CommentAction","name":"Comment","target":["https:\/\/gestramites.com\/ceuta-ley-espanola-derecho-ue-convenio-europeo\/#respond"]}]},{"@type":"WebPage","@id":"https:\/\/gestramites.com\/ceuta-ley-espanola-derecho-ue-convenio-europeo\/","url":"https:\/\/gestramites.com\/ceuta-ley-espanola-derecho-ue-convenio-europeo\/","name":"Ceuta: ley espa\u00f1ola, UE, CEDH y Seguridad Nacional","isPartOf":{"@id":"https:\/\/gestramites.com\/#website"},"primaryImageOfPage":{"@id":"https:\/\/gestramites.com\/ceuta-ley-espanola-derecho-ue-convenio-europeo\/#primaryimage"},"image":{"@id":"https:\/\/gestramites.com\/ceuta-ley-espanola-derecho-ue-convenio-europeo\/#primaryimage"},"thumbnailUrl":"https:\/\/gestramites.com\/wp-content\/uploads\/2026\/08\/articulo_Ceuta_no_se_soluciona_con_una_sola_norma.webp","datePublished":"2026-08-29T12:19:22+00:00","description":"Ceuta exige coordinar ley espa\u00f1ola, Derecho UE, CEDH, Seguridad Nacional y agencias europeas sin perder garant\u00edas.","breadcrumb":{"@id":"https:\/\/gestramites.com\/ceuta-ley-espanola-derecho-ue-convenio-europeo\/#breadcrumb"},"inLanguage":"en-GB","potentialAction":[{"@type":"ReadAction","target":["https:\/\/gestramites.com\/ceuta-ley-espanola-derecho-ue-convenio-europeo\/"]}]},{"@type":"ImageObject","inLanguage":"en-GB","@id":"https:\/\/gestramites.com\/ceuta-ley-espanola-derecho-ue-convenio-europeo\/#primaryimage","url":"https:\/\/gestramites.com\/wp-content\/uploads\/2026\/08\/articulo_Ceuta_no_se_soluciona_con_una_sola_norma.webp","contentUrl":"https:\/\/gestramites.com\/wp-content\/uploads\/2026\/08\/articulo_Ceuta_no_se_soluciona_con_una_sola_norma.webp","width":1200,"height":675,"caption":"Ceuta exige encajar varias capas jur\u00eddicas sin confundir procedimientos, competencias ni garant\u00edas."},{"@type":"BreadcrumbList","@id":"https:\/\/gestramites.com\/ceuta-ley-espanola-derecho-ue-convenio-europeo\/#breadcrumb","itemListElement":[{"@type":"ListItem","position":1,"name":"Home","item":"https:\/\/gestramites.com\/"},{"@type":"ListItem","position":2,"name":"Ceuta: cuando la ley espa\u00f1ola, el Derecho de la UE y el Convenio Europeo act\u00faan al mismo tiempo"}]},{"@type":"WebSite","@id":"https:\/\/gestramites.com\/#website","url":"https:\/\/gestramites.com\/","name":"Gestr\u00e1mites | Abogadas expertas en extranjer\u00eda y nacionalidad","description":"Tr\u00e1mites de extranjer\u00eda y nacionalidad espa\u00f1ola con abogadas expertas. 20 a\u00f1os regularizando inmigrantes. WhatsApp directo. Respuesta en 24 h.","publisher":{"@id":"https:\/\/gestramites.com\/#organization"},"potentialAction":[{"@type":"SearchAction","target":{"@type":"EntryPoint","urlTemplate":"https:\/\/gestramites.com\/?s={search_term_string}"},"query-input":{"@type":"PropertyValueSpecification","valueRequired":true,"valueName":"search_term_string"}}],"inLanguage":"en-GB"},{"@type":"Organization","@id":"https:\/\/gestramites.com\/#organization","name":"Gestr\u00e1mites | Abogadas expertas en extranjer\u00eda y nacionalidad","url":"https:\/\/gestramites.com\/","logo":{"@type":"ImageObject","inLanguage":"en-GB","@id":"https:\/\/gestramites.com\/#\/schema\/logo\/image\/","url":"https:\/\/gestramites.com\/wp-content\/uploads\/2026\/08\/VERSION-LOGO-ACTUALIZADO-AGOSTO-2026.webp","contentUrl":"https:\/\/gestramites.com\/wp-content\/uploads\/2026\/08\/VERSION-LOGO-ACTUALIZADO-AGOSTO-2026.webp","width":900,"height":300,"caption":"Gestr\u00e1mites | Abogadas expertas en extranjer\u00eda y nacionalidad"},"image":{"@id":"https:\/\/gestramites.com\/#\/schema\/logo\/image\/"}},{"@type":"Person","@id":"https:\/\/gestramites.com\/#\/schema\/person\/be7a3aa649a91a66851bedde78b460e4","name":"admin","image":{"@type":"ImageObject","inLanguage":"en-GB","@id":"https:\/\/gestramites.com\/#\/schema\/person\/image\/","url":"https:\/\/gestramites.com\/wp-content\/litespeed\/avatar\/6a228d22836397f1f3f0050ac2ee9adf.jpg?ver=1787929463","contentUrl":"https:\/\/gestramites.com\/wp-content\/litespeed\/avatar\/6a228d22836397f1f3f0050ac2ee9adf.jpg?ver=1787929463","caption":"admin"},"sameAs":["https:\/\/gestramites.com"],"url":"https:\/\/gestramites.com\/en\/author\/admin\/"}]}},"_links":{"self":[{"href":"https:\/\/gestramites.com\/en\/wp-json\/wp\/v2\/posts\/3042","targetHints":{"allow":["GET"]}}],"collection":[{"href":"https:\/\/gestramites.com\/en\/wp-json\/wp\/v2\/posts"}],"about":[{"href":"https:\/\/gestramites.com\/en\/wp-json\/wp\/v2\/types\/post"}],"author":[{"embeddable":true,"href":"https:\/\/gestramites.com\/en\/wp-json\/wp\/v2\/users\/1"}],"replies":[{"embeddable":true,"href":"https:\/\/gestramites.com\/en\/wp-json\/wp\/v2\/comments?post=3042"}],"version-history":[{"count":3,"href":"https:\/\/gestramites.com\/en\/wp-json\/wp\/v2\/posts\/3042\/revisions"}],"predecessor-version":[{"id":3046,"href":"https:\/\/gestramites.com\/en\/wp-json\/wp\/v2\/posts\/3042\/revisions\/3046"}],"wp:featuredmedia":[{"embeddable":true,"href":"https:\/\/gestramites.com\/en\/wp-json\/wp\/v2\/media\/3043"}],"wp:attachment":[{"href":"https:\/\/gestramites.com\/en\/wp-json\/wp\/v2\/media?parent=3042"}],"wp:term":[{"taxonomy":"category","embeddable":true,"href":"https:\/\/gestramites.com\/en\/wp-json\/wp\/v2\/categories?post=3042"},{"taxonomy":"post_tag","embeddable":true,"href":"https:\/\/gestramites.com\/en\/wp-json\/wp\/v2\/tags?post=3042"}],"curies":[{"name":"wp","href":"https:\/\/api.w.org\/{rel}","templated":true}]}}